[{"@context":"https:\/\/schema.org\/","@type":"Article","@id":"https:\/\/www.326.cz\/obraz-kam-si-jen-budete-prat\/#Article","mainEntityOfPage":"https:\/\/www.326.cz\/obraz-kam-si-jen-budete-prat\/","headline":"Obraz, kam si jen budete p\u0159\u00e1t","name":"Obraz, kam si jen budete p\u0159\u00e1t","description":"Kdy\u017e chcete obraz a chcete ud\u011blat n\u011bco nov\u00e9ho ve sv\u00e9m byt\u011b, je to ta nejlep\u0161\u00ed mo\u017enost, jakou m\u016f\u017eete ud\u011blat. Skv\u011bl\u00e1 \u0161ance je tu pro ka\u017ed\u00e9ho, proto\u017ee na\u0161e obrazy na st\u011bnu nejsou v\u016fbec drah\u00e9. Vyu\u017eijte proto na\u0161i nab\u00eddku proto, abyste si mohli dovolit skv\u011bl\u00fd obraz nap\u0159\u00edklad do pracovny, kde v\u00e1m bude d\u011blat p\u0159\u00edjemnou atmosf\u00e9ru p\u0159i pr\u00e1ci, [&hellip;]","datePublished":"2024-11-10","dateModified":"2024-11-10","author":{"@type":"Person","@id":"https:\/\/www.326.cz\/author\/#Person","name":"","url":"https:\/\/www.326.cz\/author\/","identifier":1,"image":{"@type":"ImageObject","@id":"https:\/\/secure.gravatar.com\/avatar\/614460c3109f6ef46730ae87c5e2be623f574940fabcec1214dc0d8d5af688cf?s=96&d=mm&r=g","url":"https:\/\/secure.gravatar.com\/avatar\/614460c3109f6ef46730ae87c5e2be623f574940fabcec1214dc0d8d5af688cf?s=96&d=mm&r=g","height":96,"width":96}},"publisher":{"@type":"Organization","name":"326.cz","logo":{"@type":"ImageObject","@id":"\/logo.png","url":"\/logo.png","width":600,"height":60}},"url":"https:\/\/www.326.cz\/obraz-kam-si-jen-budete-prat\/","wordCount":194,"articleBody":"Kdy\u017e chcete obraz a chcete ud\u011blat n\u011bco nov\u00e9ho ve sv\u00e9m byt\u011b, je to ta nejlep\u0161\u00ed mo\u017enost, jakou m\u016f\u017eete ud\u011blat. Skv\u011bl\u00e1 \u0161ance je tu pro ka\u017ed\u00e9ho, proto\u017ee na\u0161e obrazy na st\u011bnu nejsou v\u016fbec drah\u00e9. Vyu\u017eijte proto na\u0161i nab\u00eddku proto, abyste si mohli dovolit skv\u011bl\u00fd obraz nap\u0159\u00edklad do pracovny, kde v\u00e1m bude d\u011blat p\u0159\u00edjemnou atmosf\u00e9ru p\u0159i pr\u00e1ci, kter\u00e1 je jist\u011b pot\u0159ebn\u00e1, Kdy\u017e si vyberete u n\u00e1s, budete nad\u0161eni, jak\u00e9 v\u0161echny obrazy v\u00e1m m\u016f\u017eeme zhotovit.\tV\u00edce variantNemus\u00edte se ale b\u00e1t, \u017ee byste u n\u00e1s dostali nekvalitn\u00ed obraz, kter\u00fd by byl na nic. D\u00edky n\u00e1m si m\u016f\u017eete vybrat, jakou variantu si vyberete, a proto budete p\u0159esn\u011b v\u011bd\u011bt, jak v\u00e1\u0161 obraz bude vypadat. Je to \u00fa\u017easn\u00e1 mo\u017enost, jak si zhez\u010dit byt, a to elegantn\u00edm zp\u016fsobem. V\u011b\u0159te proto, \u017ee va\u0161i bl\u00edzc\u00ed budou cht\u00edt taky m\u00edt doma kr\u00e1sn\u00fd obraz, kter\u00fd v\u00e1m zhotov\u00edme pr\u00e1v\u011b my.                                                                                                                                                                                                                                                                                                                                                                                        4.2\/5 - (6 votes)        "},{"@context":"https:\/\/schema.org\/","@type":"BreadcrumbList","itemListElement":[{"@type":"ListItem","position":1,"name":"Obraz, kam si jen budete p\u0159\u00e1t","item":"https:\/\/www.326.cz\/obraz-kam-si-jen-budete-prat\/#breadcrumbitem"}]}]