[{"@context":"https:\/\/schema.org\/","@type":"Article","@id":"https:\/\/www.326.cz\/odejit-ci-neodejit\/#Article","mainEntityOfPage":"https:\/\/www.326.cz\/odejit-ci-neodejit\/","headline":"Odej\u00edt, \u010di neodej\u00edt?","name":"Odej\u00edt, \u010di neodej\u00edt?","description":"To je o\u010d tu b\u011b\u017e\u00ed. Nemluv\u00edme zde samoz\u0159ejm\u011b o Shakespearovy, ale jak to tak dnes b\u00fdv\u00e1, hovo\u0159\u00edme o pr\u00e1ci. Odej\u00edt ze zam\u011bstn\u00e1n\u00ed d\u0159\u00edv, ne\u017e je be\u017en\u00e1 d\u016fchodov\u00e1 norma, je neskute\u010dn\u011b l\u00e1kav\u00e9 a o d\u0159\u00edv\u011bj\u0161\u00ed penzi by dnes jist\u011b uva\u017eoval i Shakespeare. Ale ani pro n\u011bj, ani pro v\u00e1s by to nebylo \u00fapln\u011b jednoduch\u00e9. Stejn\u011b jako [&hellip;]","datePublished":"2024-11-18","dateModified":"2024-11-18","author":{"@type":"Person","@id":"https:\/\/www.326.cz\/author\/#Person","name":"","url":"https:\/\/www.326.cz\/author\/","identifier":1,"image":{"@type":"ImageObject","@id":"https:\/\/secure.gravatar.com\/avatar\/614460c3109f6ef46730ae87c5e2be623f574940fabcec1214dc0d8d5af688cf?s=96&d=mm&r=g","url":"https:\/\/secure.gravatar.com\/avatar\/614460c3109f6ef46730ae87c5e2be623f574940fabcec1214dc0d8d5af688cf?s=96&d=mm&r=g","height":96,"width":96}},"publisher":{"@type":"Organization","name":"326.cz","logo":{"@type":"ImageObject","@id":"\/logo.png","url":"\/logo.png","width":600,"height":60}},"url":"https:\/\/www.326.cz\/odejit-ci-neodejit\/","wordCount":266,"articleBody":"To je o\u010d tu b\u011b\u017e\u00ed. Nemluv\u00edme zde samoz\u0159ejm\u011b o Shakespearovy, ale jak to tak dnes b\u00fdv\u00e1, hovo\u0159\u00edme o pr\u00e1ci. Odej\u00edt ze zam\u011bstn\u00e1n\u00ed d\u0159\u00edv, ne\u017e je be\u017en\u00e1 d\u016fchodov\u00e1 norma, je neskute\u010dn\u011b l\u00e1kav\u00e9 a o d\u0159\u00edv\u011bj\u0161\u00ed penzi by dnes jist\u011b uva\u017eoval i Shakespeare. Ale ani pro n\u011bj, ani pro v\u00e1s by to nebylo \u00fapln\u011b jednoduch\u00e9. Stejn\u011b jako na penzi, i na p\u0159ed\u010dasn\u00fd odchod do penze mus\u00edte m\u00edt n\u00e1rok, a ve v\u011bt\u0161in\u011b p\u0159\u00edpad\u016f to stejn\u011b dopadne tak, \u017ee i kdy\u017e na n\u011bj n\u00e1rok m\u00e1te, tak se v\u00e1m to z finan\u010dn\u00edho hlediska nevyplat\u00ed, proto\u017ee pokud odejdete na d\u0159\u00edv\u011bj\u0161\u00ed odpo\u010dinek b\u011bhem leto\u0161n\u00edho roku, p\u0159iprav\u00edte se o ur\u010ditou \u010d\u00e1stku ze sv\u00e9ho p\u0159\u00edjmu. Jak vysok\u00e1 takov\u00e1 \u010d\u00e1stka je, a co dal\u0161\u00edho odchod do penze znamen\u00e1, to se m\u016f\u017eete dozv\u011bd\u011bt u n\u00e1s.Po\u010d\u00edtat, rozm\u00fd\u0161let a znovu po\u010d\u00edtatTak asi takov\u00fd by m\u011bl b\u00fdt postup, pokud o odchodu do penze uva\u017eujete. S p\u0159em\u00fd\u0161len\u00edm v\u00e1s sice pomoci nem\u016f\u017eeme, zato v\u00e1m m\u016f\u017eeme d\u00e1t ve\u0161ker\u00e9 podklady, v\u010detn\u011b ztr\u00e1ty z p\u0159\u00edjmu, kter\u00fd m\u016f\u017eete zjistit pomoc\u00ed na\u0161\u00ed kalkula\u010dky p\u0159ed\u010dasn\u00e9ho d\u016fchodu, kter\u00e1 v\u00e1m s t\u00edm po\u010d\u00edt\u00e1n\u00edm znateln\u011b pom\u016f\u017ee. Vy se potom budete moci soust\u0159edit u\u017e jen na to p\u0159em\u00fd\u0161len\u00ed.                                                                                                                                                                                                                                                                                                                                                                                                "},{"@context":"https:\/\/schema.org\/","@type":"BreadcrumbList","itemListElement":[{"@type":"ListItem","position":1,"name":"Odej\u00edt, \u010di neodej\u00edt?","item":"https:\/\/www.326.cz\/odejit-ci-neodejit\/#breadcrumbitem"}]}]