[{"@context":"https:\/\/schema.org\/","@type":"Article","@id":"https:\/\/www.326.cz\/proc-uz-nechcete-starou-stenu\/#Article","mainEntityOfPage":"https:\/\/www.326.cz\/proc-uz-nechcete-starou-stenu\/","headline":"Pro\u010d u\u017e nechcete starou st\u011bnu","name":"Pro\u010d u\u017e nechcete starou st\u011bnu","description":"Ob\u00fdvac\u00ed pokoj je prost\u011b nemodern\u00ed. Parkety a star\u00e9 vybledl\u00e9 koberce p\u00e1chnou st\u00e1\u0159\u00edm a v\u016fbec cel\u00fd byt vol\u00e1 po prom\u011bn\u011b. Hor\u0161\u00ed bude, jak to ozn\u00e1mit rodi\u010d\u016fm. Zkuste je motivovat v\u00fdletem do n\u00e1bytk\u00e1\u0159sk\u00e9ho centra a prohl\u00e9dnout si n\u011bjak\u00e9 nov\u00e9 ob\u00fdvac\u00ed st\u011bny, sedac\u00ed soupravy, j\u00eddeln\u00ed kouty. D\u00fdchne na v\u00e1s novota a \u010distota Obytn\u00e9 interi\u00e9ry jsou ka\u017edodenn\u00ed sou\u010d\u00e1st\u00ed na\u0161eho [&hellip;]","datePublished":"2025-01-09","dateModified":"2025-01-09","author":{"@type":"Person","@id":"https:\/\/www.326.cz\/author\/#Person","name":"","url":"https:\/\/www.326.cz\/author\/","identifier":1,"image":{"@type":"ImageObject","@id":"https:\/\/secure.gravatar.com\/avatar\/614460c3109f6ef46730ae87c5e2be623f574940fabcec1214dc0d8d5af688cf?s=96&d=mm&r=g","url":"https:\/\/secure.gravatar.com\/avatar\/614460c3109f6ef46730ae87c5e2be623f574940fabcec1214dc0d8d5af688cf?s=96&d=mm&r=g","height":96,"width":96}},"publisher":{"@type":"Organization","name":"326.cz","logo":{"@type":"ImageObject","@id":"\/logo.png","url":"\/logo.png","width":600,"height":60}},"url":"https:\/\/www.326.cz\/proc-uz-nechcete-starou-stenu\/","wordCount":172,"articleBody":"Ob\u00fdvac\u00ed pokoj je prost\u011b nemodern\u00ed. Parkety a star\u00e9 vybledl\u00e9 koberce p\u00e1chnou st\u00e1\u0159\u00edm a v\u016fbec cel\u00fd byt vol\u00e1 po prom\u011bn\u011b. Hor\u0161\u00ed bude, jak to ozn\u00e1mit rodi\u010d\u016fm. Zkuste je motivovat v\u00fdletem do n\u00e1bytk\u00e1\u0159sk\u00e9ho centra a prohl\u00e9dnout si n\u011bjak\u00e9 nov\u00e9 ob\u00fdvac\u00ed st\u011bny, sedac\u00ed soupravy, j\u00eddeln\u00ed kouty. D\u00fdchne na v\u00e1s novota a \u010distota Obytn\u00e9 interi\u00e9ry jsou ka\u017edodenn\u00ed sou\u010d\u00e1st\u00ed na\u0161eho \u017eivota. A co\u017e teprve t\u011bch, kdo u\u017e jsou na zaslou\u017een\u00e9m odpo\u010dinku, rodi\u010d\u016f. Ti doma tr\u00e1v\u00ed nejv\u00edce \u010dasu a tak nen\u00ed divu, \u017ee jim to chcete co nejl\u00e9pe zp\u0159\u00edjemnit. Nov\u00fd ob\u00fdvac\u00ed pokoj se jim bude l\u00edbit, i kdy\u017e se jim do inovace v podob\u011b nov\u00fdch podlah, ob\u00fdvac\u00ed st\u011bny a sedac\u00ed soupravy v\u016fbec necht\u011blo. O co jsou v\u00edce p\u0159ekvapeni, kdy\u017e p\u0159ijdou dom\u016f a v\u0161e je hotovo. Mil\u00fd d\u00e1rek i jako pod\u011bkov\u00e1n\u00ed rodi\u010d\u016fm!                                                                                                                                                                                                                                                                                                                                                                                        3.3\/5 - (3 votes)        "},{"@context":"https:\/\/schema.org\/","@type":"BreadcrumbList","itemListElement":[{"@type":"ListItem","position":1,"name":"Pro\u010d u\u017e nechcete starou st\u011bnu","item":"https:\/\/www.326.cz\/proc-uz-nechcete-starou-stenu\/#breadcrumbitem"}]}]