[{"@context":"https:\/\/schema.org\/","@type":"Article","@id":"https:\/\/www.326.cz\/tepelne-cerpadlo-pro-dum\/#Article","mainEntityOfPage":"https:\/\/www.326.cz\/tepelne-cerpadlo-pro-dum\/","headline":"Tepeln\u00e9 \u010derpadlo pro d\u016fm","name":"Tepeln\u00e9 \u010derpadlo pro d\u016fm","description":"Vyt\u00e1p\u011bn\u00ed i chlazen\u00ed Topit se d\u00e1 v rodinn\u00e9m dom\u011b v\u0161emi mo\u017en\u00fdmi zp\u016fsoby, p\u0159i\u010dem\u017e je vhodn\u00e9 naj\u00edt takov\u00fd, kter\u00fd nebude st\u00e1t moc pr\u00e1ce ani pen\u011bz, proto\u017ee vozit si d\u0159evo z lesa, potom ho doma \u0161t\u00edpat, nechat schnout a a\u017e n\u00e1sledn\u011b s n\u00edm chodit p\u0159ikl\u00e1dat do kotle znamen\u00e1 zna\u010dnou finan\u010dn\u00ed \u00fasporu, ale se\u017eere to opravdu dost \u010dasu, [&hellip;]","datePublished":"2024-06-11","dateModified":"2024-06-11","author":{"@type":"Person","@id":"https:\/\/www.326.cz\/author\/#Person","name":"","url":"https:\/\/www.326.cz\/author\/","identifier":1,"image":{"@type":"ImageObject","@id":"https:\/\/secure.gravatar.com\/avatar\/614460c3109f6ef46730ae87c5e2be623f574940fabcec1214dc0d8d5af688cf?s=96&d=mm&r=g","url":"https:\/\/secure.gravatar.com\/avatar\/614460c3109f6ef46730ae87c5e2be623f574940fabcec1214dc0d8d5af688cf?s=96&d=mm&r=g","height":96,"width":96}},"publisher":{"@type":"Organization","name":"326.cz","logo":{"@type":"ImageObject","@id":"\/logo.png","url":"\/logo.png","width":600,"height":60}},"image":{"@type":"ImageObject","@id":"https:\/\/www.326.cz\/wp-content\/uploads\/energy-7593637_640_1.jpg","url":"https:\/\/www.326.cz\/wp-content\/uploads\/energy-7593637_640_1.jpg","height":0,"width":0},"url":"https:\/\/www.326.cz\/tepelne-cerpadlo-pro-dum\/","about":["Nakupov\u00e1n\u00ed"],"wordCount":432,"articleBody":"   Vyt\u00e1p\u011bn\u00ed i chlazen\u00edTopit se d\u00e1 v rodinn\u00e9m dom\u011b v\u0161emi mo\u017en\u00fdmi zp\u016fsoby, p\u0159i\u010dem\u017e je vhodn\u00e9 naj\u00edt takov\u00fd, kter\u00fd nebude st\u00e1t moc pr\u00e1ce ani pen\u011bz, proto\u017ee vozit si d\u0159evo z lesa, potom ho doma \u0161t\u00edpat, nechat schnout a a\u017e n\u00e1sledn\u011b s n\u00edm chodit p\u0159ikl\u00e1dat do kotle znamen\u00e1 zna\u010dnou finan\u010dn\u00ed \u00fasporu, ale se\u017eere to opravdu dost \u010dasu, p\u0159i kter\u00e9m se nad\u0159ete. Mnoho lid\u00ed tedy s\u00e1hne po pohodln\u011bj\u0161\u00ed variant\u011b, kdy si nastav\u00ed na displeji po\u017eadovanou tepotu a v\u00edc ne\u0159e\u0161\u00ed, p\u0159i\u010dem\u017e t\u00edm je i tepeln\u00e9 \u010derpadlo.Dob\u0159e zvolen\u00fd syst\u00e9m nem\u00e1 nijak vysok\u00e9 provozn\u00ed n\u00e1klady, ov\u0161em takov\u00fd syst\u00e9m vzduch-vzduch nen\u00ed dobr\u00e9 volit n\u011bkde, kde jsou \u010dasto mrazy, proto\u017ee p\u0159i nich spot\u0159ebuje dost elekt\u0159iny. Tepeln\u00e9 \u010derpadlo m\u016f\u017ee p\u0159ed\u00e1vat teplo ze sv\u00e9ho okruhu p\u0159es v\u00fdm\u011bn\u00edk do okruhu s radi\u00e1tory, tak\u017ee se teplo p\u0159ed\u00e1v\u00e1 jako u b\u011b\u017en\u00e9ho kotle. Nav\u00edc se s celou \u0159adou t\u011bchto za\u0159\u00edzen\u00ed d\u00e1 vnit\u0159n\u00ed prostor chladit, tak\u017ee zajist\u00ed p\u0159\u00edjemnou teplotu i v letn\u00edm obdob\u00ed, kdy m\u00e1 slun\u00ed\u010dko opravdu s\u00edlu. S v\u00fdb\u011brem vhodn\u00e9ho za\u0159\u00edzen\u00ed pom\u016f\u017eou tepeln\u00e1 \u010derpadla Turnov https:\/\/www.saidlchlazeni.cz\/klimatizace-a-tepelna-cerpadla-turnov\/.FotovoltaikaTepeln\u00e9 \u010derpadlo pot\u0159ebuje ke sv\u00e9mu provozu elektrickou energii, tak\u017ee je v\u00fdhodn\u00e9, kdy\u017e m\u00e1me jej\u00ed vlastn\u00ed zdroj. Mo\u017enost\u00ed je v\u00edce, ov\u0161em takov\u00fdm dostupn\u00fdm zp\u016fsobem pro rodinn\u00e9 domy na r\u016fzn\u00fdch m\u00edstech je fotovoltaika, proto\u017ee ta n\u00e1m umo\u017e\u0148uje p\u0159em\u011b\u0148ovat slune\u010dn\u00ed energii pr\u00e1v\u011b na elektrickou. Nav\u00edc dne\u0161n\u00ed panely maj\u00ed solidn\u00ed v\u00fdkon i \u017eivotnost, tak\u017ee v\u00fdsledn\u00e1 \u00faspora je znateln\u00e1. Kdy\u017e tepeln\u00e9 \u010derpadlo napoj\u00edme pr\u00e1v\u011b na vlastn\u00ed fotovoltaiku, tak dos\u00e1hneme je\u0161t\u011b v\u011bt\u0161\u00edch \u00faspor, proto\u017ee vyrobenou elekt\u0159inu budeme pou\u017e\u00edvat k b\u011b\u017en\u00e9mu provozu, na vyt\u00e1p\u011bn\u00ed i chlazen\u00ed. Samoz\u0159ejm\u011b p\u0159i po\u0159izov\u00e1n\u00ed fotovoltaiky je zapot\u0159eb\u00ed \u0159\u00edci, co v\u0161echno na ni m\u00e1 b\u011b\u017eet, proto\u017ee t\u0159eba takov\u00e9 \u010derpadlo a nab\u00edje\u010dka pro elektromobil m\u00e1 velk\u00fd odb\u011br a kdyby panely nesta\u010dili, tak bychom museli zbytek odeb\u00edrat ze s\u00edt\u011b za draho, co\u017e by moc ekonomick\u00e9 nebylo. Naopak zbyte\u010dn\u011b p\u0159edimenzovan\u00fd syst\u00e9m m\u00e1 zbyte\u010dn\u011b vysok\u00e9 po\u0159izovac\u00ed n\u00e1klady.                                                                                                                                                                                                                                                                                                                                                                                          4.2\/5 - (6 votes)        "},{"@context":"https:\/\/schema.org\/","@type":"BreadcrumbList","itemListElement":[{"@type":"ListItem","position":1,"name":"Tepeln\u00e9 \u010derpadlo pro d\u016fm","item":"https:\/\/www.326.cz\/tepelne-cerpadlo-pro-dum\/#breadcrumbitem"}]}]